{"id":922,"count":0,"description":"D\u00e9couvrez notre cat\u00e9gorie \"Affichages de vitrine\", une s\u00e9lection incontournable pour transformer vos espaces de vente en v\u00e9ritables outils de communication visuelle. Chez C.Diff-Prom, nous comprenons l'importance d'une vitrine bien agenc\u00e9e pour attirer, informer et s\u00e9duire vos clients. Nos solutions d'affichage de vitrine sont con\u00e7ues pour mettre en valeur vos produits et promotions gr\u00e2ce \u00e0 une pr\u00e9sentation \u00e9l\u00e9gante et professionnelle.\n\nNos affichages de vitrine incluent une vari\u00e9t\u00e9 de supports adapt\u00e9s \u00e0 tous les besoins : des cadres lumineux qui captent l'\u0153il d\u00e8s le premier regard, aux VM Box Premium pour un agencement mobile et flexible dans les espaces restreints. Nous proposons \u00e9galement des solutions sur mesure, gr\u00e2ce \u00e0 notre service de design personnalis\u00e9, vous permettant de cr\u00e9er des pr\u00e9sentoirs uniques qui refl\u00e8tent l'identit\u00e9 de votre marque.\n\nFaites confiance \u00e0 notre expertise pour optimiser votre espace vitrine. Profitez de notre service complet incluant le conseil personnalis\u00e9, la livraison et l'installation sur site dans toute la Suisse romande. Avec C.Diff-Prom, chaque vitrine devient une opportunit\u00e9 d'engager vos clients et de dynamiser votre image de marque. Explorez notre gamme aujourd'hui pour d\u00e9couvrir comment nous pouvons vous aider \u00e0 maximiser l'impact de votre vitrine.","link":"https:\/\/cdiffprom.ch\/de\/product-category\/affichage-et-signaletique\/affichages-de-vitrine\/","name":"Affichages de vitrine","slug":"affichages-de-vitrine","taxonomy":"product_cat","parent":83,"meta":{"slim_seo":[]},"_links":{"self":[{"href":"https:\/\/cdiffprom.ch\/de\/wp-json\/wp\/v2\/product_cat\/922","targetHints":{"allow":["GET"]}}],"collection":[{"href":"https:\/\/cdiffprom.ch\/de\/wp-json\/wp\/v2\/product_cat"}],"about":[{"href":"https:\/\/cdiffprom.ch\/de\/wp-json\/wp\/v2\/taxonomies\/product_cat"}],"up":[{"embeddable":true,"href":"https:\/\/cdiffprom.ch\/de\/wp-json\/wp\/v2\/product_cat\/83"}],"wp:post_type":[{"href":"https:\/\/cdiffprom.ch\/de\/wp-json\/wp\/v2\/product?product_cat=922"}],"curies":[{"name":"wp","href":"https:\/\/api.w.org\/{rel}","templated":true}]}}